{"id":3977,"date":"2023-01-03T14:41:01","date_gmt":"2023-01-03T13:41:01","guid":{"rendered":"https:\/\/meritoros.pl\/?p=3977"},"modified":"2023-01-03T14:42:30","modified_gmt":"2023-01-03T13:42:30","slug":"prowadzenie-dzialalnosci-gospodarczej-a-praca-na-rzecz-bylego-pracodawcy","status":"publish","type":"post","link":"https:\/\/meritoros.pl\/pl\/blog-podatkowo-ksiegowe\/prowadzenie-dzialalnosci-gospodarczej-a-praca-na-rzecz-bylego-pracodawcy\/","title":{"rendered":"Prowadzenie dzia\u0142alno\u015bci gospodarczej a praca na rzecz by\u0142ego pracodawcy"},"content":{"rendered":"\n<p>Pracownicy bardzo cz\u0119sto zastanawiaj\u0105 si\u0119 czy zatrudnienie w oparciu o umow\u0119 o prac\u0119 jest dla nich najkorzystniejszym rozwi\u0105zaniem. Zdarzaj\u0105 si\u0119 sytuacje, w kt\u00f3rych prowadzenie w\u0142asnej dzia\u0142alno\u015bci i \u015bwiadczenie us\u0142ug na podstawie B2B pozwala osi\u0105gn\u0105\u0107 wi\u0119cej korzy\u015bci. Jednak\u017ce nale\u017cy dok\u0142adnie przeanalizowa\u0107 kwestie zwi\u0105zane z prowadzeniem dzia\u0142alno\u015bci na rzecz by\u0142ego b\u0105d\u017a obecnego pracodawcy, poniewa\u017c na\u0142o\u017cone zosta\u0142y pewne ograniczenia w tej kwestii.<\/p>\n\n\n\n<h4 class=\"wp-block-heading\">Na co powinna zwr\u00f3ci\u0107 uwag\u0119 osoba, kt\u00f3ra chcia\u0142aby zmieni\u0107 form\u0119 zatrudnienia u pracodawcy z umowy o prac\u0119 na \u015bwiadczenie us\u0142ug B2B?<\/h4>\n\n\n\n<h3 class=\"wp-block-heading\">Forma opodatkowania a praca na rzecz by\u0142ego pracodawcy<\/h3>\n\n\n\n<p>Otwieraj\u0105c dzia\u0142alno\u015b\u0107 nale\u017cy dokona\u0107 wyboru formy opodatkowania. Podatnik prowadz\u0105cy jednoosobow\u0105 dzia\u0142alno\u015b\u0107 gospodarcz\u0105 ma mo\u017cliwo\u015b\u0107 wyboru formy opodatkowania: na zasadach og\u00f3lnych wed\u0142ug skali podatkowej, podatku linowego oraz rycza\u0142tu od przychodu ewidencjonowanych. <strong>Wa\u017cne jest jednak to, \u017ce przedsi\u0119biorca mo\u017ce straci\u0107 prawo do opodatkowania podatkiem liniowym oraz rycza\u0142tem od przychod\u00f3w ewidencjonowanych, je\u017celi uzyska przychody z dzia\u0142alno\u015bci gospodarczej \u015bwiadcz\u0105c us\u0142ugi na rzecz by\u0142ego lub obecnego pracodawcy<\/strong>. Dotyczy to jednak tylko takich us\u0142ug, kt\u00f3re przedsi\u0119biorca wykonywa\u0142 w ramach umowy o pracy lub sp\u00f3\u0142dzielczego stosunku pracy (nie dotyczy umowy zlecenie oraz umowy o dzie\u0142o). &nbsp;<\/p>\n\n\n\n<p>Ograniczenie dotycz\u0105ce opodatkowania tylko skal\u0105 podatkow\u0105 nie trwa przez ca\u0142y okres prowadzenia dzia\u0142alno\u015b\u0107.<\/p>\n\n\n\n<p>Przedsi\u0119biorca, kt\u00f3rych chce zmieni\u0107 form\u0119 opodatkowana na <strong>podatek liniowy<\/strong> mo\u017ce tego dokona\u0107 dopiero <strong>w roku nast\u0119puj\u0105cym, po roku, w kt\u00f3rym rozwi\u0105zana zosta\u0142a umowa o prac\u0119.<\/strong> Nie mo\u017ce wi\u0119c on skorzysta\u0107 z podatku liniowego w tym samym roku, w kt\u00f3rym wykonywa\u0142 to\u017csame czynno\u015bci na podstawie stosunku pracy.<\/p>\n\n\n\n<p>Je\u015bli przedsi\u0119biorca chce zmieni\u0107 form\u0119 opodatkowania na <strong>rycza\u0142t ewidencjonowany<\/strong> to mo\u017ce to zrobi\u0107 dopiero <strong>po okresie dw\u00f3ch lat od rozwi\u0105zania umowy o prac\u0119<\/strong>. Z tej formy opodatkowania nie mo\u017ce skorzysta\u0107 w roku, w kt\u00f3rym by\u0142 zatrudniony na umow\u0119 o prac\u0119 oraz w roku kolejnym.<\/p>\n\n\n\n<p><strong>Przyk\u0142ad<\/strong>: Przedsi\u0119biorca zako\u0144czy\u0142 umow\u0119 o prac\u0119 w roku 2023 i jednocze\u015bnie otworzy\u0142 dzia\u0142alno\u015b\u0107 \u015bwiadcz\u0105c te same us\u0142ugi dla swojego by\u0142ego pracodawcy. W roku 2023 musi on korzysta\u0107 ze skali podatkowej. W 2024 roku b\u0119dzie on m\u00f3g\u0142 zmieni\u0107 form\u0119 opodatkowania na podatek liniowy, a dopiero w roku 2025 b\u0119dzie m\u00f3g\u0142 skorzysta\u0107 z rycza\u0142tu.<\/p>\n\n\n\n<h3 class=\"wp-block-heading\"><strong>Sk\u0142adki ZUS dla przedsi\u0119biorcy wykonuj\u0105cego prac\u0119 dla by\u0142ego pracodawcy<\/strong><\/h3>\n\n\n\n<p>Osoby otwieraj\u0105ce dzia\u0142alno\u015b\u0107 gospodarcz\u0105 mog\u0105 skorzysta\u0107 przez pierwsze 6 miesi\u0119cy z tzw. \u201eulgi na start\u201d, a nast\u0119pnie przez 24 miesi\u0105ce z preferencyjnych sk\u0142adek ZUS. <strong>W sytuacji, gdy, przedsi\u0119biorca wykonuje te same czynno\u015bci, kt\u00f3re wykonywa\u0142 na podstawie umowy o prac\u0119 dla by\u0142ego pracodawcy przed dniem rozpocz\u0119cia dzia\u0142alno\u015bci w bie\u017c\u0105cym lub poprzednim roku kalendarzowym, nie mo\u017ce skorzysta\u0107 z wymienionych ulg.<\/strong> Przedsi\u0119biorca jest zobowi\u0105zany do op\u0142acania sk\u0142adek ZUS w pe\u0142nej wysoko\u015bci.<\/p>\n\n\n\n<p>Praca na rzecz by\u0142ego pracodawcy <strong>nie pozwala<\/strong> r\u00f3wnie\u017c na skorzystanie z tzw. \u201ema\u0142ego ZUSu plus\u201d.<\/p>\n\n\n\n<p><\/p>\n\n\n\n<p><strong>Pami\u0119tajmy, \u017ce powy\u017cej wymienione ograniczenia dotycz\u0105 sytuacji, w kt\u00f3rych przedsi\u0119biorca osi\u0105ga przychody ze \u015bwiadczenia us\u0142ug na rzecz by\u0142ego lub obecnego pracodawcy, kt\u00f3re s\u0105 to\u017csame z us\u0142ugami wykonywanymi w oparciu o umow\u0119 o prac\u0119 lub sp\u00f3\u0142dzielczy stosunek pracy. Je\u015bli przedsi\u0119biorca \u015bwiadczy inne us\u0142ugi i zakres jego obowi\u0105zk\u00f3w si\u0119 zmieni\u0142, to ograniczenia dotycz\u0105ce formy opodatkowania oraz ZUS go nie dotycz\u0105.&nbsp;<\/strong><\/p>\n","protected":false},"excerpt":{"rendered":"<p>Pracownicy bardzo cz\u0119sto zastanawiaj\u0105 si\u0119 czy zatrudnienie w oparciu o umow\u0119 o prac\u0119 jest dla nich najkorzystniejszym rozwi\u0105zaniem. Zdarzaj\u0105 si\u0119 sytuacje, w kt\u00f3rych prowadzenie w\u0142asnej dzia\u0142alno\u015bci i \u015bwiadczenie us\u0142ug na podstawie B2B pozwala osi\u0105gn\u0105\u0107 wi\u0119cej korzy\u015bci. Jednak\u017ce nale\u017cy dok\u0142adnie przeanalizowa\u0107 kwestie zwi\u0105zane z prowadzeniem dzia\u0142alno\u015bci na rzecz by\u0142ego b\u0105d\u017a obecnego pracodawcy, poniewa\u017c na\u0142o\u017cone zosta\u0142y pewne [&hellip;]<\/p>\n","protected":false},"author":2,"featured_media":3978,"comment_status":"open","ping_status":"open","sticky":false,"template":"","format":"standard","meta":{"_acf_changed":false,"inline_featured_image":false,"footnotes":""},"categories":[3],"tags":[],"class_list":["post-3977","post","type-post","status-publish","format-standard","has-post-thumbnail","hentry","category-blog-podatkowo-ksiegowe"],"acf":[],"yoast_head":"<!-- This site is optimized with the Yoast SEO plugin v27.4 - https:\/\/yoast.com\/product\/yoast-seo-wordpress\/ -->\n<title>Prowadzenie dzia\u0142alno\u015bci gospodarczej a praca na rzecz by\u0142ego pracodawcy - Meritoros<\/title>\n<meta name=\"robots\" content=\"index, follow, max-snippet:-1, max-image-preview:large, max-video-preview:-1\" \/>\n<link rel=\"canonical\" href=\"https:\/\/meritoros.pl\/pl\/blog-podatkowo-ksiegowe\/prowadzenie-dzialalnosci-gospodarczej-a-praca-na-rzecz-bylego-pracodawcy\/\" \/>\n<meta property=\"og:locale\" content=\"pl_PL\" \/>\n<meta property=\"og:type\" content=\"article\" \/>\n<meta property=\"og:title\" content=\"Prowadzenie dzia\u0142alno\u015bci gospodarczej a praca na rzecz by\u0142ego pracodawcy - Meritoros\" \/>\n<meta property=\"og:description\" content=\"Pracownicy bardzo cz\u0119sto zastanawiaj\u0105 si\u0119 czy zatrudnienie w oparciu o umow\u0119 o prac\u0119 jest dla nich najkorzystniejszym rozwi\u0105zaniem. Zdarzaj\u0105 si\u0119 sytuacje, w kt\u00f3rych prowadzenie w\u0142asnej dzia\u0142alno\u015bci i \u015bwiadczenie us\u0142ug na podstawie B2B pozwala osi\u0105gn\u0105\u0107 wi\u0119cej korzy\u015bci. Jednak\u017ce nale\u017cy dok\u0142adnie przeanalizowa\u0107 kwestie zwi\u0105zane z prowadzeniem dzia\u0142alno\u015bci na rzecz by\u0142ego b\u0105d\u017a obecnego pracodawcy, poniewa\u017c na\u0142o\u017cone zosta\u0142y pewne [&hellip;]\" \/>\n<meta property=\"og:url\" content=\"https:\/\/meritoros.pl\/pl\/blog-podatkowo-ksiegowe\/prowadzenie-dzialalnosci-gospodarczej-a-praca-na-rzecz-bylego-pracodawcy\/\" \/>\n<meta property=\"og:site_name\" content=\"Meritoros\" \/>\n<meta property=\"article:published_time\" content=\"2023-01-03T13:41:01+00:00\" \/>\n<meta property=\"article:modified_time\" content=\"2023-01-03T13:42:30+00:00\" \/>\n<meta property=\"og:image\" content=\"https:\/\/meritoros.pl\/wp-content\/uploads\/2023\/01\/praca.png\" \/>\n\t<meta property=\"og:image:width\" content=\"720\" \/>\n\t<meta property=\"og:image:height\" content=\"520\" \/>\n\t<meta property=\"og:image:type\" content=\"image\/png\" \/>\n<meta name=\"author\" content=\"Meritoros\" \/>\n<meta name=\"twitter:card\" content=\"summary_large_image\" \/>\n<meta name=\"twitter:label1\" content=\"Napisane przez\" \/>\n\t<meta name=\"twitter:data1\" content=\"Meritoros\" \/>\n\t<meta name=\"twitter:label2\" content=\"Szacowany czas czytania\" \/>\n\t<meta name=\"twitter:data2\" content=\"3 minuty\" \/>\n<script type=\"application\/ld+json\" class=\"yoast-schema-graph\">{\"@context\":\"https:\\\/\\\/schema.org\",\"@graph\":[{\"@type\":\"Article\",\"@id\":\"https:\\\/\\\/meritoros.pl\\\/pl\\\/blog-podatkowo-ksiegowe\\\/prowadzenie-dzialalnosci-gospodarczej-a-praca-na-rzecz-bylego-pracodawcy\\\/#article\",\"isPartOf\":{\"@id\":\"https:\\\/\\\/meritoros.pl\\\/pl\\\/blog-podatkowo-ksiegowe\\\/prowadzenie-dzialalnosci-gospodarczej-a-praca-na-rzecz-bylego-pracodawcy\\\/\"},\"author\":{\"name\":\"Meritoros\",\"@id\":\"https:\\\/\\\/meritoros.pl\\\/pl\\\/#\\\/schema\\\/person\\\/843bbe8917f05c6e25f4e87fb3667706\"},\"headline\":\"Prowadzenie dzia\u0142alno\u015bci gospodarczej a praca na rzecz by\u0142ego pracodawcy\",\"datePublished\":\"2023-01-03T13:41:01+00:00\",\"dateModified\":\"2023-01-03T13:42:30+00:00\",\"mainEntityOfPage\":{\"@id\":\"https:\\\/\\\/meritoros.pl\\\/pl\\\/blog-podatkowo-ksiegowe\\\/prowadzenie-dzialalnosci-gospodarczej-a-praca-na-rzecz-bylego-pracodawcy\\\/\"},\"wordCount\":624,\"commentCount\":0,\"image\":{\"@id\":\"https:\\\/\\\/meritoros.pl\\\/pl\\\/blog-podatkowo-ksiegowe\\\/prowadzenie-dzialalnosci-gospodarczej-a-praca-na-rzecz-bylego-pracodawcy\\\/#primaryimage\"},\"thumbnailUrl\":\"https:\\\/\\\/meritoros.pl\\\/wp-content\\\/uploads\\\/2023\\\/01\\\/praca.png\",\"articleSection\":[\"Informacje podatkowo-ksi\u0119gowe\"],\"inLanguage\":\"pl-PL\",\"potentialAction\":[{\"@type\":\"CommentAction\",\"name\":\"Comment\",\"target\":[\"https:\\\/\\\/meritoros.pl\\\/pl\\\/blog-podatkowo-ksiegowe\\\/prowadzenie-dzialalnosci-gospodarczej-a-praca-na-rzecz-bylego-pracodawcy\\\/#respond\"]}]},{\"@type\":\"WebPage\",\"@id\":\"https:\\\/\\\/meritoros.pl\\\/pl\\\/blog-podatkowo-ksiegowe\\\/prowadzenie-dzialalnosci-gospodarczej-a-praca-na-rzecz-bylego-pracodawcy\\\/\",\"url\":\"https:\\\/\\\/meritoros.pl\\\/pl\\\/blog-podatkowo-ksiegowe\\\/prowadzenie-dzialalnosci-gospodarczej-a-praca-na-rzecz-bylego-pracodawcy\\\/\",\"name\":\"Prowadzenie dzia\u0142alno\u015bci gospodarczej a praca na rzecz by\u0142ego pracodawcy - Meritoros\",\"isPartOf\":{\"@id\":\"https:\\\/\\\/meritoros.pl\\\/pl\\\/#website\"},\"primaryImageOfPage\":{\"@id\":\"https:\\\/\\\/meritoros.pl\\\/pl\\\/blog-podatkowo-ksiegowe\\\/prowadzenie-dzialalnosci-gospodarczej-a-praca-na-rzecz-bylego-pracodawcy\\\/#primaryimage\"},\"image\":{\"@id\":\"https:\\\/\\\/meritoros.pl\\\/pl\\\/blog-podatkowo-ksiegowe\\\/prowadzenie-dzialalnosci-gospodarczej-a-praca-na-rzecz-bylego-pracodawcy\\\/#primaryimage\"},\"thumbnailUrl\":\"https:\\\/\\\/meritoros.pl\\\/wp-content\\\/uploads\\\/2023\\\/01\\\/praca.png\",\"datePublished\":\"2023-01-03T13:41:01+00:00\",\"dateModified\":\"2023-01-03T13:42:30+00:00\",\"author\":{\"@id\":\"https:\\\/\\\/meritoros.pl\\\/pl\\\/#\\\/schema\\\/person\\\/843bbe8917f05c6e25f4e87fb3667706\"},\"breadcrumb\":{\"@id\":\"https:\\\/\\\/meritoros.pl\\\/pl\\\/blog-podatkowo-ksiegowe\\\/prowadzenie-dzialalnosci-gospodarczej-a-praca-na-rzecz-bylego-pracodawcy\\\/#breadcrumb\"},\"inLanguage\":\"pl-PL\",\"potentialAction\":[{\"@type\":\"ReadAction\",\"target\":[\"https:\\\/\\\/meritoros.pl\\\/pl\\\/blog-podatkowo-ksiegowe\\\/prowadzenie-dzialalnosci-gospodarczej-a-praca-na-rzecz-bylego-pracodawcy\\\/\"]}]},{\"@type\":\"ImageObject\",\"inLanguage\":\"pl-PL\",\"@id\":\"https:\\\/\\\/meritoros.pl\\\/pl\\\/blog-podatkowo-ksiegowe\\\/prowadzenie-dzialalnosci-gospodarczej-a-praca-na-rzecz-bylego-pracodawcy\\\/#primaryimage\",\"url\":\"https:\\\/\\\/meritoros.pl\\\/wp-content\\\/uploads\\\/2023\\\/01\\\/praca.png\",\"contentUrl\":\"https:\\\/\\\/meritoros.pl\\\/wp-content\\\/uploads\\\/2023\\\/01\\\/praca.png\",\"width\":720,\"height\":520},{\"@type\":\"BreadcrumbList\",\"@id\":\"https:\\\/\\\/meritoros.pl\\\/pl\\\/blog-podatkowo-ksiegowe\\\/prowadzenie-dzialalnosci-gospodarczej-a-praca-na-rzecz-bylego-pracodawcy\\\/#breadcrumb\",\"itemListElement\":[{\"@type\":\"ListItem\",\"position\":1,\"name\":\"Home\",\"item\":\"https:\\\/\\\/meritoros.pl\\\/pl\\\/\"},{\"@type\":\"ListItem\",\"position\":2,\"name\":\"Prowadzenie dzia\u0142alno\u015bci gospodarczej a&nbsp;praca na&nbsp;rzecz by\u0142ego pracodawcy\"}]},{\"@type\":\"WebSite\",\"@id\":\"https:\\\/\\\/meritoros.pl\\\/pl\\\/#website\",\"url\":\"https:\\\/\\\/meritoros.pl\\\/pl\\\/\",\"name\":\"Meritoros\",\"description\":\"Outsourcing us\u0142ug biznesowych\",\"potentialAction\":[{\"@type\":\"SearchAction\",\"target\":{\"@type\":\"EntryPoint\",\"urlTemplate\":\"https:\\\/\\\/meritoros.pl\\\/pl\\\/?s={search_term_string}\"},\"query-input\":{\"@type\":\"PropertyValueSpecification\",\"valueRequired\":true,\"valueName\":\"search_term_string\"}}],\"inLanguage\":\"pl-PL\"},{\"@type\":\"Person\",\"@id\":\"https:\\\/\\\/meritoros.pl\\\/pl\\\/#\\\/schema\\\/person\\\/843bbe8917f05c6e25f4e87fb3667706\",\"name\":\"Meritoros\",\"image\":{\"@type\":\"ImageObject\",\"inLanguage\":\"pl-PL\",\"@id\":\"https:\\\/\\\/secure.gravatar.com\\\/avatar\\\/283f1ad7a1ec33106e2ee30691e4b289e0ca8be37b693fa02150250a1ec07279?s=96&d=mm&r=g\",\"url\":\"https:\\\/\\\/secure.gravatar.com\\\/avatar\\\/283f1ad7a1ec33106e2ee30691e4b289e0ca8be37b693fa02150250a1ec07279?s=96&d=mm&r=g\",\"contentUrl\":\"https:\\\/\\\/secure.gravatar.com\\\/avatar\\\/283f1ad7a1ec33106e2ee30691e4b289e0ca8be37b693fa02150250a1ec07279?s=96&d=mm&r=g\",\"caption\":\"Meritoros\"},\"url\":\"https:\\\/\\\/meritoros.pl\\\/pl\\\/author\\\/meritoros\\\/\"}]}<\/script>\n<!-- \/ Yoast SEO plugin. -->","yoast_head_json":{"title":"Prowadzenie dzia\u0142alno\u015bci gospodarczej a praca na rzecz by\u0142ego pracodawcy - Meritoros","robots":{"index":"index","follow":"follow","max-snippet":"max-snippet:-1","max-image-preview":"max-image-preview:large","max-video-preview":"max-video-preview:-1"},"canonical":"https:\/\/meritoros.pl\/pl\/blog-podatkowo-ksiegowe\/prowadzenie-dzialalnosci-gospodarczej-a-praca-na-rzecz-bylego-pracodawcy\/","og_locale":"pl_PL","og_type":"article","og_title":"Prowadzenie dzia\u0142alno\u015bci gospodarczej a praca na rzecz by\u0142ego pracodawcy - Meritoros","og_description":"Pracownicy bardzo cz\u0119sto zastanawiaj\u0105 si\u0119 czy zatrudnienie w oparciu o umow\u0119 o prac\u0119 jest dla nich najkorzystniejszym rozwi\u0105zaniem. Zdarzaj\u0105 si\u0119 sytuacje, w kt\u00f3rych prowadzenie w\u0142asnej dzia\u0142alno\u015bci i \u015bwiadczenie us\u0142ug na podstawie B2B pozwala osi\u0105gn\u0105\u0107 wi\u0119cej korzy\u015bci. Jednak\u017ce nale\u017cy dok\u0142adnie przeanalizowa\u0107 kwestie zwi\u0105zane z prowadzeniem dzia\u0142alno\u015bci na rzecz by\u0142ego b\u0105d\u017a obecnego pracodawcy, poniewa\u017c na\u0142o\u017cone zosta\u0142y pewne [&hellip;]","og_url":"https:\/\/meritoros.pl\/pl\/blog-podatkowo-ksiegowe\/prowadzenie-dzialalnosci-gospodarczej-a-praca-na-rzecz-bylego-pracodawcy\/","og_site_name":"Meritoros","article_published_time":"2023-01-03T13:41:01+00:00","article_modified_time":"2023-01-03T13:42:30+00:00","og_image":[{"width":720,"height":520,"url":"https:\/\/meritoros.pl\/wp-content\/uploads\/2023\/01\/praca.png","type":"image\/png"}],"author":"Meritoros","twitter_card":"summary_large_image","twitter_misc":{"Napisane przez":"Meritoros","Szacowany czas czytania":"3 minuty"},"schema":{"@context":"https:\/\/schema.org","@graph":[{"@type":"Article","@id":"https:\/\/meritoros.pl\/pl\/blog-podatkowo-ksiegowe\/prowadzenie-dzialalnosci-gospodarczej-a-praca-na-rzecz-bylego-pracodawcy\/#article","isPartOf":{"@id":"https:\/\/meritoros.pl\/pl\/blog-podatkowo-ksiegowe\/prowadzenie-dzialalnosci-gospodarczej-a-praca-na-rzecz-bylego-pracodawcy\/"},"author":{"name":"Meritoros","@id":"https:\/\/meritoros.pl\/pl\/#\/schema\/person\/843bbe8917f05c6e25f4e87fb3667706"},"headline":"Prowadzenie dzia\u0142alno\u015bci gospodarczej a praca na rzecz by\u0142ego pracodawcy","datePublished":"2023-01-03T13:41:01+00:00","dateModified":"2023-01-03T13:42:30+00:00","mainEntityOfPage":{"@id":"https:\/\/meritoros.pl\/pl\/blog-podatkowo-ksiegowe\/prowadzenie-dzialalnosci-gospodarczej-a-praca-na-rzecz-bylego-pracodawcy\/"},"wordCount":624,"commentCount":0,"image":{"@id":"https:\/\/meritoros.pl\/pl\/blog-podatkowo-ksiegowe\/prowadzenie-dzialalnosci-gospodarczej-a-praca-na-rzecz-bylego-pracodawcy\/#primaryimage"},"thumbnailUrl":"https:\/\/meritoros.pl\/wp-content\/uploads\/2023\/01\/praca.png","articleSection":["Informacje podatkowo-ksi\u0119gowe"],"inLanguage":"pl-PL","potentialAction":[{"@type":"CommentAction","name":"Comment","target":["https:\/\/meritoros.pl\/pl\/blog-podatkowo-ksiegowe\/prowadzenie-dzialalnosci-gospodarczej-a-praca-na-rzecz-bylego-pracodawcy\/#respond"]}]},{"@type":"WebPage","@id":"https:\/\/meritoros.pl\/pl\/blog-podatkowo-ksiegowe\/prowadzenie-dzialalnosci-gospodarczej-a-praca-na-rzecz-bylego-pracodawcy\/","url":"https:\/\/meritoros.pl\/pl\/blog-podatkowo-ksiegowe\/prowadzenie-dzialalnosci-gospodarczej-a-praca-na-rzecz-bylego-pracodawcy\/","name":"Prowadzenie dzia\u0142alno\u015bci gospodarczej a praca na rzecz by\u0142ego pracodawcy - Meritoros","isPartOf":{"@id":"https:\/\/meritoros.pl\/pl\/#website"},"primaryImageOfPage":{"@id":"https:\/\/meritoros.pl\/pl\/blog-podatkowo-ksiegowe\/prowadzenie-dzialalnosci-gospodarczej-a-praca-na-rzecz-bylego-pracodawcy\/#primaryimage"},"image":{"@id":"https:\/\/meritoros.pl\/pl\/blog-podatkowo-ksiegowe\/prowadzenie-dzialalnosci-gospodarczej-a-praca-na-rzecz-bylego-pracodawcy\/#primaryimage"},"thumbnailUrl":"https:\/\/meritoros.pl\/wp-content\/uploads\/2023\/01\/praca.png","datePublished":"2023-01-03T13:41:01+00:00","dateModified":"2023-01-03T13:42:30+00:00","author":{"@id":"https:\/\/meritoros.pl\/pl\/#\/schema\/person\/843bbe8917f05c6e25f4e87fb3667706"},"breadcrumb":{"@id":"https:\/\/meritoros.pl\/pl\/blog-podatkowo-ksiegowe\/prowadzenie-dzialalnosci-gospodarczej-a-praca-na-rzecz-bylego-pracodawcy\/#breadcrumb"},"inLanguage":"pl-PL","potentialAction":[{"@type":"ReadAction","target":["https:\/\/meritoros.pl\/pl\/blog-podatkowo-ksiegowe\/prowadzenie-dzialalnosci-gospodarczej-a-praca-na-rzecz-bylego-pracodawcy\/"]}]},{"@type":"ImageObject","inLanguage":"pl-PL","@id":"https:\/\/meritoros.pl\/pl\/blog-podatkowo-ksiegowe\/prowadzenie-dzialalnosci-gospodarczej-a-praca-na-rzecz-bylego-pracodawcy\/#primaryimage","url":"https:\/\/meritoros.pl\/wp-content\/uploads\/2023\/01\/praca.png","contentUrl":"https:\/\/meritoros.pl\/wp-content\/uploads\/2023\/01\/praca.png","width":720,"height":520},{"@type":"BreadcrumbList","@id":"https:\/\/meritoros.pl\/pl\/blog-podatkowo-ksiegowe\/prowadzenie-dzialalnosci-gospodarczej-a-praca-na-rzecz-bylego-pracodawcy\/#breadcrumb","itemListElement":[{"@type":"ListItem","position":1,"name":"Home","item":"https:\/\/meritoros.pl\/pl\/"},{"@type":"ListItem","position":2,"name":"Prowadzenie dzia\u0142alno\u015bci gospodarczej a&nbsp;praca na&nbsp;rzecz by\u0142ego pracodawcy"}]},{"@type":"WebSite","@id":"https:\/\/meritoros.pl\/pl\/#website","url":"https:\/\/meritoros.pl\/pl\/","name":"Meritoros","description":"Outsourcing us\u0142ug biznesowych","potentialAction":[{"@type":"SearchAction","target":{"@type":"EntryPoint","urlTemplate":"https:\/\/meritoros.pl\/pl\/?s={search_term_string}"},"query-input":{"@type":"PropertyValueSpecification","valueRequired":true,"valueName":"search_term_string"}}],"inLanguage":"pl-PL"},{"@type":"Person","@id":"https:\/\/meritoros.pl\/pl\/#\/schema\/person\/843bbe8917f05c6e25f4e87fb3667706","name":"Meritoros","image":{"@type":"ImageObject","inLanguage":"pl-PL","@id":"https:\/\/secure.gravatar.com\/avatar\/283f1ad7a1ec33106e2ee30691e4b289e0ca8be37b693fa02150250a1ec07279?s=96&d=mm&r=g","url":"https:\/\/secure.gravatar.com\/avatar\/283f1ad7a1ec33106e2ee30691e4b289e0ca8be37b693fa02150250a1ec07279?s=96&d=mm&r=g","contentUrl":"https:\/\/secure.gravatar.com\/avatar\/283f1ad7a1ec33106e2ee30691e4b289e0ca8be37b693fa02150250a1ec07279?s=96&d=mm&r=g","caption":"Meritoros"},"url":"https:\/\/meritoros.pl\/pl\/author\/meritoros\/"}]}},"_links":{"self":[{"href":"https:\/\/meritoros.pl\/pl\/wp-json\/wp\/v2\/posts\/3977","targetHints":{"allow":["GET"]}}],"collection":[{"href":"https:\/\/meritoros.pl\/pl\/wp-json\/wp\/v2\/posts"}],"about":[{"href":"https:\/\/meritoros.pl\/pl\/wp-json\/wp\/v2\/types\/post"}],"author":[{"embeddable":true,"href":"https:\/\/meritoros.pl\/pl\/wp-json\/wp\/v2\/users\/2"}],"replies":[{"embeddable":true,"href":"https:\/\/meritoros.pl\/pl\/wp-json\/wp\/v2\/comments?post=3977"}],"version-history":[{"count":0,"href":"https:\/\/meritoros.pl\/pl\/wp-json\/wp\/v2\/posts\/3977\/revisions"}],"wp:featuredmedia":[{"embeddable":true,"href":"https:\/\/meritoros.pl\/pl\/wp-json\/wp\/v2\/media\/3978"}],"wp:attachment":[{"href":"https:\/\/meritoros.pl\/pl\/wp-json\/wp\/v2\/media?parent=3977"}],"wp:term":[{"taxonomy":"category","embeddable":true,"href":"https:\/\/meritoros.pl\/pl\/wp-json\/wp\/v2\/categories?post=3977"},{"taxonomy":"post_tag","embeddable":true,"href":"https:\/\/meritoros.pl\/pl\/wp-json\/wp\/v2\/tags?post=3977"}],"curies":[{"name":"wp","href":"https:\/\/api.w.org\/{rel}","templated":true}]}}